{"id":28589,"date":"2025-07-09T15:03:47","date_gmt":"2025-07-09T13:03:47","guid":{"rendered":"https:\/\/tdk.tarnobrzeg.pl\/wp\/?p=28589"},"modified":"2025-07-09T15:04:50","modified_gmt":"2025-07-09T13:04:50","slug":"koncert-organowy-w-kosciele-na-serbinowie","status":"publish","type":"post","link":"https:\/\/tdk.tarnobrzeg.pl\/wp\/koncert-organowy-w-kosciele-na-serbinowie\/","title":{"rendered":"Koncert organowy w ko\u015bciele na Serbinowie"},"content":{"rendered":"<p style=\"text-align: justify;\"><strong>Zapraszamy na kolejny koncert w ramach XXXIII Festiwalu Muzyki Organowej i Kameralnej. W najbli\u017cszy czwartek 10 lipca w ko\u015bciele na Serbinowie wyst\u0105pi W\u0142adys\u0142aw Szyma\u0144ski z Katowic. Wst\u0119p wolny.\u00a0\u00a0<\/strong><\/p>\n<p style=\"text-align: justify;\">10.07, godz. 19.00, ko\u015bci\u00f3\u0142 pw. Matki Bo\u017cej Nieustaj\u0105cej Pomocy (Serbin\u00f3w)<\/p>\n<p style=\"text-align: justify;\"><strong>W\u0142adys\u0142aw Szyma\u0144ski<\/strong>\u00a0 \u2013 organy (Katowice)<\/p>\n<p style=\"text-align: justify;\">***<\/p>\n<p style=\"text-align: justify;\"><strong>Albert Renaud<\/strong> (1855-1924) \u2013 Toccata d-moll op. 108 nr 1<\/p>\n<p style=\"text-align: justify;\"><strong>Johann Sebastian Bach<\/strong> (1685-1750) &#8211; Fantazja i fuga c-moll BWV 537, Jesus bleibet meine Freude z Kantaty 147<\/p>\n<p style=\"text-align: justify;\"><strong>Carl Ph. E. Bach<\/strong> (1714-1788) &#8211; I Sonata D-dur (Allegro di molto, Adagio e mesto, Allegro)<\/p>\n<p style=\"text-align: justify;\"><strong>Vincenzo A. Petrali<\/strong> (1830-1889) &#8211; Fantasia Concertante in C<\/p>\n<p style=\"text-align: justify;\"><strong>W\u0142adys\u0142aw Szyma\u0144ski<\/strong> (1955) &#8211; \u015awiat\u0142a i cienie (2024)<\/p>\n<p style=\"text-align: justify;\"><strong>Fernand de La Tombelle<\/strong> (1854-1928) &#8211; Toccata e-moll op. 23<\/p>\n<p>***<\/p>\n<p style=\"text-align: justify;\"><img loading=\"lazy\" decoding=\"async\" class=\"size-medium wp-image-28590 alignleft\" src=\"https:\/\/tdk.tarnobrzeg.pl\/wp\/wp-content\/uploads\/2025\/07\/Szymanski-resize-400x600.jpg\" alt=\"\" width=\"400\" height=\"600\" \/><strong>W\u0141ADYS\u0141AW SZYMA\u0143SKI<\/strong> w latach 1975-1978 studiowa\u0142 muzykologi\u0119 w Instytucie Muzykologii Ko\u015bcielnej Katolickiego Uniwersytetu Lubelskiego. Nast\u0119pnie w latach 1978-1983 studiowa\u0142 w Akademii Muzycznej im. Karola Szymanowskiego w Katowicach, kt\u00f3r\u0105 uko\u0144czy\u0142 w klasie organ\u00f3w prof. Juliana Gembalskiego oraz na Wydziale Teorii Muzyki i Kompozycji. Od 1979 roku jest organist\u0105 bazyliki \u015bw. Wojciecha w Miko\u0142owie. Od 1985 roku jest wyk\u0142adowc\u0105 katowickiej Akademii Muzycznej. W 2001 roku w Instytucie Muzykologii Katolickiego Uniwersytetu Lubelskiego obroni\u0142 z wyr\u00f3\u017cnieniem prac\u0119 doktorsk\u0105 o konstrukcji zabytkowych organ\u00f3w G\u00f3rnego \u015al\u0105ska. W pa\u017adzierniku 2009 roku otrzyma\u0142 stopie\u0144 doktora habilitowanego, a w roku 2015 tytu\u0142 profesora. W latach 2008 do 2016 by\u0142 dziekanem Wydzia\u0142u Wokalno-Instrumentalnego Akademii Muzycznej im. Karola Szymanowskiego w Katowicach. Od 2016 roku do 31 sierpnia 2024 roku W\u0142adys\u0142aw Szyma\u0144ski by\u0142 przez dwie kadencje Rektorem Akademii Muzycznej im. Karola Szymanowskiego w Katowicach.<\/p>\n<p style=\"text-align: justify;\">Jako koncertuj\u0105cy organista wyst\u0119powa\u0142 poza Polsk\u0105: w Austrii, Chinach, Czechach, Belgii, Danii, Finlandii, Francji, Hiszpanii, Holandii, Niemczach, Norwegii, Portugalii, Ukrainie, S\u0142owacji, S\u0142owenii, Szwajcarii, Szwecji, W\u0142oszech. Ma w swoim dorobku nagrania CD na zabytkowych XIX wiecznych organach bazyliki \u015bw. Wojciecha w Miko\u0142owie.<\/p>\n<p style=\"text-align: justify;\">W\u0142adys\u0142aw Szyma\u0144ski jest tak\u017ce kompozytorem, autorem utwor\u00f3w organowych, kameralnych, wokalno-instrumentalnych. W tej dziedzinie dwukrotnie otrzyma\u0142 wyr\u00f3\u017cnienia na konkursach kompozytorskich: w 1983 roku za\u00a0Toccat\u0119\u00a0na dwa fortepiany i w 1985 roku za\u00a0Hymn\u00a0na organy. Jego utwory wykonywane by\u0142y w znacz\u0105cych o\u015brodkach w Polsce, a tak\u017ce w Amsterdamie, Berlinie, Warszawie, Genevie, Turynie, Londynie, Helsinkach, Lahti, Sztokholmie, Pradze, Valencji, Tokio, Wiedniu.\u00a0Jest jednym z inicjator\u00f3w i dyrektorem artystycznym Miko\u0142owskich Dni Muzyki odbywaj\u0105cych si\u0119 od 1991 roku.<\/p>\n<p style=\"text-align: justify;\">Odznaczony br\u0105zow\u0105 i z\u0142ot\u0105 odznak\u0105\u00a0Gloria Artis. Laureat Nagrody Prezydenta Bytomia w dziedzinie kultury w 2019 roku i Prezydenta Katowic w 2024 roku.<\/p>\n","protected":false},"excerpt":{"rendered":"<p>Zapraszamy na kolejny koncert w ramach XXXIII Festiwalu Muzyki Organowej i Kameralnej. W najbli\u017cszy czwartek 10 lipca w ko\u015bciele na Serbinowie wyst\u0105pi W\u0142adys\u0142aw Szyma\u0144ski z Katowic. Wst\u0119p wolny.\u00a0\u00a0 10.07, godz. 19.00, ko\u015bci\u00f3\u0142 pw. Matki Bo\u017cej Nieustaj\u0105cej Pomocy (Serbin\u00f3w) W\u0142adys\u0142aw Szyma\u0144ski\u00a0 \u2013 organy (Katowice) *** Albert Renaud (1855-1924) \u2013 Toccata d-moll op. 108 nr 1 Johann [&hellip;]<\/p>\n","protected":false},"author":14,"featured_media":28591,"comment_status":"closed","ping_status":"closed","sticky":false,"template":"","format":"standard","meta":{"_et_pb_use_builder":"","_et_pb_old_content":"","_et_gb_content_width":"","footnotes":""},"categories":[99,83],"tags":[],"class_list":["post-28589","post","type-post","status-publish","format-standard","has-post-thumbnail","hentry","category-aktualnosci","category-mko"],"_links":{"self":[{"href":"https:\/\/tdk.tarnobrzeg.pl\/wp\/wp-json\/wp\/v2\/posts\/28589","targetHints":{"allow":["GET"]}}],"collection":[{"href":"https:\/\/tdk.tarnobrzeg.pl\/wp\/wp-json\/wp\/v2\/posts"}],"about":[{"href":"https:\/\/tdk.tarnobrzeg.pl\/wp\/wp-json\/wp\/v2\/types\/post"}],"author":[{"embeddable":true,"href":"https:\/\/tdk.tarnobrzeg.pl\/wp\/wp-json\/wp\/v2\/users\/14"}],"replies":[{"embeddable":true,"href":"https:\/\/tdk.tarnobrzeg.pl\/wp\/wp-json\/wp\/v2\/comments?post=28589"}],"version-history":[{"count":2,"href":"https:\/\/tdk.tarnobrzeg.pl\/wp\/wp-json\/wp\/v2\/posts\/28589\/revisions"}],"predecessor-version":[{"id":28593,"href":"https:\/\/tdk.tarnobrzeg.pl\/wp\/wp-json\/wp\/v2\/posts\/28589\/revisions\/28593"}],"wp:featuredmedia":[{"embeddable":true,"href":"https:\/\/tdk.tarnobrzeg.pl\/wp\/wp-json\/wp\/v2\/media\/28591"}],"wp:attachment":[{"href":"https:\/\/tdk.tarnobrzeg.pl\/wp\/wp-json\/wp\/v2\/media?parent=28589"}],"wp:term":[{"taxonomy":"category","embeddable":true,"href":"https:\/\/tdk.tarnobrzeg.pl\/wp\/wp-json\/wp\/v2\/categories?post=28589"},{"taxonomy":"post_tag","embeddable":true,"href":"https:\/\/tdk.tarnobrzeg.pl\/wp\/wp-json\/wp\/v2\/tags?post=28589"}],"curies":[{"name":"wp","href":"https:\/\/api.w.org\/{rel}","templated":true}]}}